{"id":674,"date":"2024-08-24T15:11:28","date_gmt":"2024-08-24T13:11:28","guid":{"rendered":"https:\/\/intersala10zaragoza.es\/?p=674"},"modified":"2024-09-01T09:33:38","modified_gmt":"2024-09-01T07:33:38","slug":"a-e-les-corts-ubae-primer-rival-de-la-pretemporada-de-wanapix-aldelis-intersala-10","status":"publish","type":"post","link":"https:\/\/intersala10zaragoza.es\/?p=674","title":{"rendered":"A.E. Les Corts-UBAE, primer rival de la pretemporada de Wanapix Aldel\u00eds InterSala 10"},"content":{"rendered":"\n<p>El Wanapix Aldel\u00eds InterSala 10 ya est\u00e1 en marcha. El cuadro ma\u00f1o comenz\u00f3 su pretemporada esta semana y tendr\u00e1 su primer amistoso el s\u00e1bado 31 de agosto. La escuadra diririgida por Nano Modrego recibir\u00e1 a las 17:00 en el Pabell\u00f3n de La Granja al A.E. Les Corts-UBAE de Primera Divisi\u00f3n. El duelo tendr\u00e1 entrada gratuita para todos los aficionados que se quiera acercar al pabell\u00f3n ma\u00f1o.<\/p>\n\n\n\n<p><\/p>\n","protected":false},"excerpt":{"rendered":"<p>El Wanapix Aldel\u00eds InterSala 10 ya est\u00e1 en marcha. El cuadro ma\u00f1o comenz\u00f3 su pretemporada esta semana y tendr\u00e1 su primer amistoso el s\u00e1bado 31 de agosto. La escuadra diririgida por Nano Modrego recibir\u00e1 a las 17:00 en el Pabell\u00f3n de La Granja al A.E. Les Corts-UBAE de Primera Divisi\u00f3n. El duelo tendr\u00e1 entrada gratuita [&hellip;]<\/p>\n","protected":false},"author":1,"featured_media":675,"comment_status":"open","ping_status":"open","sticky":false,"template":"","format":"standard","meta":{"saved_in_kubio":false,"footnotes":""},"categories":[9],"tags":[],"class_list":["post-674","post","type-post","status-publish","format-standard","has-post-thumbnail","hentry","category-segunda-division-nacional"],"_links":{"self":[{"href":"https:\/\/intersala10zaragoza.es\/index.php?rest_route=\/wp\/v2\/posts\/674","targetHints":{"allow":["GET"]}}],"collection":[{"href":"https:\/\/intersala10zaragoza.es\/index.php?rest_route=\/wp\/v2\/posts"}],"about":[{"href":"https:\/\/intersala10zaragoza.es\/index.php?rest_route=\/wp\/v2\/types\/post"}],"author":[{"embeddable":true,"href":"https:\/\/intersala10zaragoza.es\/index.php?rest_route=\/wp\/v2\/users\/1"}],"replies":[{"embeddable":true,"href":"https:\/\/intersala10zaragoza.es\/index.php?rest_route=%2Fwp%2Fv2%2Fcomments&post=674"}],"version-history":[{"count":1,"href":"https:\/\/intersala10zaragoza.es\/index.php?rest_route=\/wp\/v2\/posts\/674\/revisions"}],"predecessor-version":[{"id":676,"href":"https:\/\/intersala10zaragoza.es\/index.php?rest_route=\/wp\/v2\/posts\/674\/revisions\/676"}],"wp:featuredmedia":[{"embeddable":true,"href":"https:\/\/intersala10zaragoza.es\/index.php?rest_route=\/wp\/v2\/media\/675"}],"wp:attachment":[{"href":"https:\/\/intersala10zaragoza.es\/index.php?rest_route=%2Fwp%2Fv2%2Fmedia&parent=674"}],"wp:term":[{"taxonomy":"category","embeddable":true,"href":"https:\/\/intersala10zaragoza.es\/index.php?rest_route=%2Fwp%2Fv2%2Fcategories&post=674"},{"taxonomy":"post_tag","embeddable":true,"href":"https:\/\/intersala10zaragoza.es\/index.php?rest_route=%2Fwp%2Fv2%2Ftags&post=674"}],"curies":[{"name":"wp","href":"https:\/\/api.w.org\/{rel}","templated":true}]}}