{"id":338,"date":"2024-07-28T09:41:18","date_gmt":"2024-07-28T07:41:18","guid":{"rendered":"https:\/\/intersala10zaragoza.es\/?p=338"},"modified":"2024-07-28T09:41:20","modified_gmt":"2024-07-28T07:41:20","slug":"horarios-i-maraton-de-futbol-sala-de-intersala-10-en-borja","status":"publish","type":"post","link":"https:\/\/intersala10zaragoza.es\/?p=338","title":{"rendered":"Horarios I Marat\u00f3n de f\u00fatbol sala de InterSala 10 en Borja"},"content":{"rendered":"\n<p>El pr\u00f3ximo fin de semana tendr\u00e1 lugar la I Marat\u00f3n de f\u00fatbol sala de InterSala 10 y tendr\u00e1 lugar en Borja gracias a la colaboraci\u00f3n del ayuntamiento. El evento, dirigido a las categor\u00edas alev\u00edn e infantil, estar\u00e1 protagonizado por CD Cortes, Borja fs, Avenida Alag\u00f3n, Villa de Mallen e InterSala 10.<\/p>\n\n\n\n<p>El s\u00e1bado tendr\u00e1n lugar los partidos de las fases de grupos y el domingo se jugar\u00e1n las eliminatorias, jug\u00e1ndose la final alev\u00edn a las 14:20 y la infantil a las 15:25.<\/p>\n\n\n\n<p>Estos son todos los horarios:<\/p>\n\n\n\n<figure class=\"wp-block-embed is-type-rich is-provider-twitter wp-block-embed-twitter\"><div class=\"wp-block-embed__wrapper\">\n<blockquote class=\"twitter-tweet\" data-width=\"500\" data-dnt=\"true\"><p lang=\"es\" dir=\"ltr\">Ya tenemos los horarios de la I Marat\u00f3n de f\u00fatbol sala de InterSala 10 que tendr\u00e1 lugar en Borja<br><br>El pr\u00f3ximo fin de semana nos vemos \ud83e\udd17\ud83e\udd17<br><br>\u27a1\ufe0f <a href=\"https:\/\/t.co\/9l2EfzC0KH\">https:\/\/t.co\/9l2EfzC0KH<\/a> <a href=\"https:\/\/t.co\/3UcC3Ap2IM\">pic.twitter.com\/3UcC3Ap2IM<\/a><\/p>&mdash; Wanapix Aldelis InterSala10 Zaragoza (@InterSala10_Zgz) <a href=\"https:\/\/twitter.com\/InterSala10_Zgz\/status\/1804411270373822955?ref_src=twsrc%5Etfw\">June 22, 2024<\/a><\/blockquote><script async src=\"https:\/\/platform.twitter.com\/widgets.js\" charset=\"utf-8\"><\/script>\n<\/div><\/figure>\n","protected":false},"excerpt":{"rendered":"<p>El pr\u00f3ximo fin de semana tendr\u00e1 lugar la I Marat\u00f3n de f\u00fatbol sala de InterSala 10 y tendr\u00e1 lugar en Borja gracias a la colaboraci\u00f3n del ayuntamiento. El evento, dirigido a las categor\u00edas alev\u00edn e infantil, estar\u00e1 protagonizado por CD Cortes, Borja fs, Avenida Alag\u00f3n, Villa de Mallen e InterSala 10. El s\u00e1bado tendr\u00e1n lugar [&hellip;]<\/p>\n","protected":false},"author":1,"featured_media":339,"comment_status":"open","ping_status":"open","sticky":false,"template":"","format":"standard","meta":{"saved_in_kubio":false,"footnotes":""},"categories":[18],"tags":[],"class_list":["post-338","post","type-post","status-publish","format-standard","has-post-thumbnail","hentry","category-eventos"],"_links":{"self":[{"href":"https:\/\/intersala10zaragoza.es\/index.php?rest_route=\/wp\/v2\/posts\/338","targetHints":{"allow":["GET"]}}],"collection":[{"href":"https:\/\/intersala10zaragoza.es\/index.php?rest_route=\/wp\/v2\/posts"}],"about":[{"href":"https:\/\/intersala10zaragoza.es\/index.php?rest_route=\/wp\/v2\/types\/post"}],"author":[{"embeddable":true,"href":"https:\/\/intersala10zaragoza.es\/index.php?rest_route=\/wp\/v2\/users\/1"}],"replies":[{"embeddable":true,"href":"https:\/\/intersala10zaragoza.es\/index.php?rest_route=%2Fwp%2Fv2%2Fcomments&post=338"}],"version-history":[{"count":1,"href":"https:\/\/intersala10zaragoza.es\/index.php?rest_route=\/wp\/v2\/posts\/338\/revisions"}],"predecessor-version":[{"id":340,"href":"https:\/\/intersala10zaragoza.es\/index.php?rest_route=\/wp\/v2\/posts\/338\/revisions\/340"}],"wp:featuredmedia":[{"embeddable":true,"href":"https:\/\/intersala10zaragoza.es\/index.php?rest_route=\/wp\/v2\/media\/339"}],"wp:attachment":[{"href":"https:\/\/intersala10zaragoza.es\/index.php?rest_route=%2Fwp%2Fv2%2Fmedia&parent=338"}],"wp:term":[{"taxonomy":"category","embeddable":true,"href":"https:\/\/intersala10zaragoza.es\/index.php?rest_route=%2Fwp%2Fv2%2Fcategories&post=338"},{"taxonomy":"post_tag","embeddable":true,"href":"https:\/\/intersala10zaragoza.es\/index.php?rest_route=%2Fwp%2Fv2%2Ftags&post=338"}],"curies":[{"name":"wp","href":"https:\/\/api.w.org\/{rel}","templated":true}]}}