{"id":274,"date":"2024-07-27T11:51:03","date_gmt":"2024-07-27T09:51:03","guid":{"rendered":"https:\/\/intersala10zaragoza.es\/?p=274"},"modified":"2024-07-27T11:51:03","modified_gmt":"2024-07-27T09:51:03","slug":"nano-modrego-seguira-al-frente-de-wanapix-aldelis-intersala-10-zaragoza","status":"publish","type":"post","link":"https:\/\/intersala10zaragoza.es\/?p=274","title":{"rendered":"Nano Modrego seguir\u00e1 al frente de Wanapix Aldel\u00eds InterSala 10 Zaragoza"},"content":{"rendered":"\n<p>Nano Modrego ser\u00e1, una temporada m\u00e1s, el entrenador del Wanapix Aldel\u00eds InterSala 10 Zaragoza. El t\u00e9cnico volver\u00e1 a sentarse en el banquillo de La Granja tras una temporada en la que se qued\u00f3 a las puertas de entrar en el &#8216;Play-off&#8217; de ascenso a Primera Divisi\u00f3n.<\/p>\n\n\n\n<p>Nano lleg\u00f3 al banquillo interista en el verano de 2023, tras haberse retirado como jugador en los meses anteriores. Durante su primera experiencia como entrenador de un equipo senior, impuso su sello al equipo y luch\u00f3 hasta la \u00faltima jornada por entrar en la postemporada y pelear por el ascenso a Primera Divisi\u00f3n.<\/p>\n\n\n\n<p>Nano ha dirigido al equipo en 30 partidos oficiales: 28 de liga y 2 de Copa de la Reina, acumulando 15 victorias, 8 empates y 7 derrotas. Adem\u00e1s, durante la pretemporada, se hizo con la Copa Arag\u00f3n.<\/p>\n","protected":false},"excerpt":{"rendered":"<p>Nano Modrego ser\u00e1, una temporada m\u00e1s, el entrenador del Wanapix Aldel\u00eds InterSala 10 Zaragoza. El t\u00e9cnico volver\u00e1 a sentarse en el banquillo de La Granja tras una temporada en la que se qued\u00f3 a las puertas de entrar en el &#8216;Play-off&#8217; de ascenso a Primera Divisi\u00f3n. Nano lleg\u00f3 al banquillo interista en el verano de [&hellip;]<\/p>\n","protected":false},"author":1,"featured_media":246,"comment_status":"open","ping_status":"open","sticky":false,"template":"","format":"standard","meta":{"saved_in_kubio":false,"footnotes":""},"categories":[9],"tags":[],"class_list":["post-274","post","type-post","status-publish","format-standard","has-post-thumbnail","hentry","category-segunda-division-nacional"],"_links":{"self":[{"href":"https:\/\/intersala10zaragoza.es\/index.php?rest_route=\/wp\/v2\/posts\/274","targetHints":{"allow":["GET"]}}],"collection":[{"href":"https:\/\/intersala10zaragoza.es\/index.php?rest_route=\/wp\/v2\/posts"}],"about":[{"href":"https:\/\/intersala10zaragoza.es\/index.php?rest_route=\/wp\/v2\/types\/post"}],"author":[{"embeddable":true,"href":"https:\/\/intersala10zaragoza.es\/index.php?rest_route=\/wp\/v2\/users\/1"}],"replies":[{"embeddable":true,"href":"https:\/\/intersala10zaragoza.es\/index.php?rest_route=%2Fwp%2Fv2%2Fcomments&post=274"}],"version-history":[{"count":1,"href":"https:\/\/intersala10zaragoza.es\/index.php?rest_route=\/wp\/v2\/posts\/274\/revisions"}],"predecessor-version":[{"id":275,"href":"https:\/\/intersala10zaragoza.es\/index.php?rest_route=\/wp\/v2\/posts\/274\/revisions\/275"}],"wp:featuredmedia":[{"embeddable":true,"href":"https:\/\/intersala10zaragoza.es\/index.php?rest_route=\/wp\/v2\/media\/246"}],"wp:attachment":[{"href":"https:\/\/intersala10zaragoza.es\/index.php?rest_route=%2Fwp%2Fv2%2Fmedia&parent=274"}],"wp:term":[{"taxonomy":"category","embeddable":true,"href":"https:\/\/intersala10zaragoza.es\/index.php?rest_route=%2Fwp%2Fv2%2Fcategories&post=274"},{"taxonomy":"post_tag","embeddable":true,"href":"https:\/\/intersala10zaragoza.es\/index.php?rest_route=%2Fwp%2Fv2%2Ftags&post=274"}],"curies":[{"name":"wp","href":"https:\/\/api.w.org\/{rel}","templated":true}]}}