{"id":2587,"date":"2026-01-15T14:13:41","date_gmt":"2026-01-15T12:13:41","guid":{"rendered":"https:\/\/intersala10zaragoza.es\/?p=2587"},"modified":"2026-01-15T14:13:42","modified_gmt":"2026-01-15T12:13:42","slug":"marina-escano-convocada-con-la-seleccion-espanola-sub-21-2","status":"publish","type":"post","link":"https:\/\/intersala10zaragoza.es\/?p=2587","title":{"rendered":"Marina Esca\u00f1o, convocada con la Selecci\u00f3n Espa\u00f1ola Sub-21"},"content":{"rendered":"\n<h2 class=\"wp-block-heading\"><strong>Marina Esca\u00f1o, convocada con la Selecci\u00f3n Espa\u00f1ola Sub-21<\/strong><\/h2>\n\n\n\n<p>Marina Esca\u00f1o, jugadora del Wanapix Aldel\u00eds, volver\u00e1 a vestirse con la camiseta de la Selecci\u00f3n Espa\u00f1ola Sub-21. El seleccionador, Jordi Gay, ha hecho oficial la lista de convocadas para los dos partidos amistosos que se disputar\u00e1n los d\u00edas 27 y 28 de enero en la Ciudad del F\u00fatbol de Las Rozas frente a la Rep\u00fablica Checa absoluta, y en ella se encuentra nuestra jugadora. La concentraci\u00f3n arrancar\u00e1 el domingo 25, y el combinado nacional llevar\u00e1 a cabo tres sesiones de entrenamiento antes de la disputa de los encuentros.<\/p>\n\n\n\n<p>Marina ya sabe lo que es representar a la Selecci\u00f3n Espa\u00f1ola Sub-21, ya que form\u00f3 parte de dos convocatorias la pasada temporada. En uno de esos encuentros, ante Noruega, firm\u00f3 dos asistencias.<\/p>\n\n\n\n<p>Desde el club queremos felicitar a Marina por este merecido reconocimiento y desearle que disfrute al m\u00e1ximo de esta nueva experiencia con la selecci\u00f3n.<\/p>\n","protected":false},"excerpt":{"rendered":"<p>Marina Esca\u00f1o, convocada con la Selecci\u00f3n Espa\u00f1ola Sub-21 Marina Esca\u00f1o, jugadora del Wanapix Aldel\u00eds, volver\u00e1 a vestirse con la camiseta de la Selecci\u00f3n Espa\u00f1ola Sub-21. El seleccionador, Jordi Gay, ha hecho oficial la lista de convocadas para los dos partidos amistosos que se disputar\u00e1n los d\u00edas 27 y 28 de enero en la Ciudad del [&hellip;]<\/p>\n","protected":false},"author":1,"featured_media":2588,"comment_status":"open","ping_status":"open","sticky":false,"template":"","format":"standard","meta":{"saved_in_kubio":false,"footnotes":""},"categories":[9],"tags":[],"class_list":["post-2587","post","type-post","status-publish","format-standard","has-post-thumbnail","hentry","category-segunda-division-nacional"],"_links":{"self":[{"href":"https:\/\/intersala10zaragoza.es\/index.php?rest_route=\/wp\/v2\/posts\/2587","targetHints":{"allow":["GET"]}}],"collection":[{"href":"https:\/\/intersala10zaragoza.es\/index.php?rest_route=\/wp\/v2\/posts"}],"about":[{"href":"https:\/\/intersala10zaragoza.es\/index.php?rest_route=\/wp\/v2\/types\/post"}],"author":[{"embeddable":true,"href":"https:\/\/intersala10zaragoza.es\/index.php?rest_route=\/wp\/v2\/users\/1"}],"replies":[{"embeddable":true,"href":"https:\/\/intersala10zaragoza.es\/index.php?rest_route=%2Fwp%2Fv2%2Fcomments&post=2587"}],"version-history":[{"count":1,"href":"https:\/\/intersala10zaragoza.es\/index.php?rest_route=\/wp\/v2\/posts\/2587\/revisions"}],"predecessor-version":[{"id":2589,"href":"https:\/\/intersala10zaragoza.es\/index.php?rest_route=\/wp\/v2\/posts\/2587\/revisions\/2589"}],"wp:featuredmedia":[{"embeddable":true,"href":"https:\/\/intersala10zaragoza.es\/index.php?rest_route=\/wp\/v2\/media\/2588"}],"wp:attachment":[{"href":"https:\/\/intersala10zaragoza.es\/index.php?rest_route=%2Fwp%2Fv2%2Fmedia&parent=2587"}],"wp:term":[{"taxonomy":"category","embeddable":true,"href":"https:\/\/intersala10zaragoza.es\/index.php?rest_route=%2Fwp%2Fv2%2Fcategories&post=2587"},{"taxonomy":"post_tag","embeddable":true,"href":"https:\/\/intersala10zaragoza.es\/index.php?rest_route=%2Fwp%2Fv2%2Ftags&post=2587"}],"curies":[{"name":"wp","href":"https:\/\/api.w.org\/{rel}","templated":true}]}}