{"id":258,"date":"2024-07-27T11:45:20","date_gmt":"2024-07-27T09:45:20","guid":{"rendered":"https:\/\/intersala10zaragoza.es\/?p=258"},"modified":"2024-07-27T11:45:20","modified_gmt":"2024-07-27T09:45:20","slug":"sarah-de-oliveira-se-suma-a-wanapix-aldelis-intersala-10","status":"publish","type":"post","link":"https:\/\/intersala10zaragoza.es\/?p=258","title":{"rendered":"Sarah de Oliveira se suma a Wanapix Aldel\u00eds InterSala 10"},"content":{"rendered":"\n<p>Sarah de Oliveira vuelve a salir del retiro para vestir la camiseta del Wanapix Aldel\u00eds InterSala 10. La veterana jugadora brasile\u00f1a regresar\u00e1 a las pistas, esta vez bajo las \u00f3rdenes de Nano Modrego, siendo la primera incorporaci\u00f3n del equipo. Sarah defendi\u00f3 en el pasado la camiseta del InterSala 10 durante tres temporadas, dividida en dos etapas. En verano de 2023 decidi\u00f3 retirarse por segunda vez, tras su primera retirada en el verano de 2021.<\/p>\n\n\n\n<p>En la \u00faltima campa\u00f1a en la que jug\u00f3, Sarah fue una de las jugadoras m\u00e1s destacadas del equipo, marcando siete goles. Ahora, regresa al club para aportar su experiencia y calidad en la lucha por los objetivos del equipo.<\/p>\n\n\n\n<p>Sarah lleg\u00f3 a Zaragoza en 2017 para unirse al Sala Zaragoza, despu\u00e9s de una amplia carrera en Brasil. En el verano de 2019, se incorpor\u00f3 al InterSala Promises y se convirti\u00f3 en una de las jugadoras de referencia del equipo.<\/p>\n","protected":false},"excerpt":{"rendered":"<p>Sarah de Oliveira vuelve a salir del retiro para vestir la camiseta del Wanapix Aldel\u00eds InterSala 10. La veterana jugadora brasile\u00f1a regresar\u00e1 a las pistas, esta vez bajo las \u00f3rdenes de Nano Modrego, siendo la primera incorporaci\u00f3n del equipo. Sarah defendi\u00f3 en el pasado la camiseta del InterSala 10 durante tres temporadas, dividida en dos [&hellip;]<\/p>\n","protected":false},"author":1,"featured_media":235,"comment_status":"open","ping_status":"open","sticky":false,"template":"","format":"standard","meta":{"saved_in_kubio":false,"footnotes":""},"categories":[9],"tags":[],"class_list":["post-258","post","type-post","status-publish","format-standard","has-post-thumbnail","hentry","category-segunda-division-nacional"],"_links":{"self":[{"href":"https:\/\/intersala10zaragoza.es\/index.php?rest_route=\/wp\/v2\/posts\/258","targetHints":{"allow":["GET"]}}],"collection":[{"href":"https:\/\/intersala10zaragoza.es\/index.php?rest_route=\/wp\/v2\/posts"}],"about":[{"href":"https:\/\/intersala10zaragoza.es\/index.php?rest_route=\/wp\/v2\/types\/post"}],"author":[{"embeddable":true,"href":"https:\/\/intersala10zaragoza.es\/index.php?rest_route=\/wp\/v2\/users\/1"}],"replies":[{"embeddable":true,"href":"https:\/\/intersala10zaragoza.es\/index.php?rest_route=%2Fwp%2Fv2%2Fcomments&post=258"}],"version-history":[{"count":1,"href":"https:\/\/intersala10zaragoza.es\/index.php?rest_route=\/wp\/v2\/posts\/258\/revisions"}],"predecessor-version":[{"id":259,"href":"https:\/\/intersala10zaragoza.es\/index.php?rest_route=\/wp\/v2\/posts\/258\/revisions\/259"}],"wp:featuredmedia":[{"embeddable":true,"href":"https:\/\/intersala10zaragoza.es\/index.php?rest_route=\/wp\/v2\/media\/235"}],"wp:attachment":[{"href":"https:\/\/intersala10zaragoza.es\/index.php?rest_route=%2Fwp%2Fv2%2Fmedia&parent=258"}],"wp:term":[{"taxonomy":"category","embeddable":true,"href":"https:\/\/intersala10zaragoza.es\/index.php?rest_route=%2Fwp%2Fv2%2Fcategories&post=258"},{"taxonomy":"post_tag","embeddable":true,"href":"https:\/\/intersala10zaragoza.es\/index.php?rest_route=%2Fwp%2Fv2%2Ftags&post=258"}],"curies":[{"name":"wp","href":"https:\/\/api.w.org\/{rel}","templated":true}]}}