{"id":256,"date":"2024-07-27T11:44:28","date_gmt":"2024-07-27T09:44:28","guid":{"rendered":"https:\/\/intersala10zaragoza.es\/?p=256"},"modified":"2024-07-27T11:44:28","modified_gmt":"2024-07-27T09:44:28","slug":"marina-vestira-la-camiseta-de-wanapix-aldelis-intersala-10-la-temporada-24-25","status":"publish","type":"post","link":"https:\/\/intersala10zaragoza.es\/?p=256","title":{"rendered":"Marina vestir\u00e1 la camiseta de Wanapix Aldel\u00eds InterSala 10 la temporada 24-25"},"content":{"rendered":"\n<p>Marina seguir\u00e1 siendo una de las referencias del Wanapix Aldel\u00eds InterSala 10 la temporada 24-25. La jugadora se mantiene en el proyecto tras varias temporadas en \u00e9l. Marina fue una de las jugadoras m\u00e1s destacadas de la pasada campa\u00f1a al marcar 16 goles en 32 partidos. La ala fue una de las pocas jugadoras que dispuso de minutos en todos los partidos oficiales<\/p>\n","protected":false},"excerpt":{"rendered":"<p>Marina seguir\u00e1 siendo una de las referencias del Wanapix Aldel\u00eds InterSala 10 la temporada 24-25. La jugadora se mantiene en el proyecto tras varias temporadas en \u00e9l. Marina fue una de las jugadoras m\u00e1s destacadas de la pasada campa\u00f1a al marcar 16 goles en 32 partidos. La ala fue una de las pocas jugadoras que [&hellip;]<\/p>\n","protected":false},"author":1,"featured_media":244,"comment_status":"open","ping_status":"open","sticky":false,"template":"","format":"standard","meta":{"saved_in_kubio":false,"footnotes":""},"categories":[9],"tags":[],"class_list":["post-256","post","type-post","status-publish","format-standard","has-post-thumbnail","hentry","category-segunda-division-nacional"],"_links":{"self":[{"href":"https:\/\/intersala10zaragoza.es\/index.php?rest_route=\/wp\/v2\/posts\/256","targetHints":{"allow":["GET"]}}],"collection":[{"href":"https:\/\/intersala10zaragoza.es\/index.php?rest_route=\/wp\/v2\/posts"}],"about":[{"href":"https:\/\/intersala10zaragoza.es\/index.php?rest_route=\/wp\/v2\/types\/post"}],"author":[{"embeddable":true,"href":"https:\/\/intersala10zaragoza.es\/index.php?rest_route=\/wp\/v2\/users\/1"}],"replies":[{"embeddable":true,"href":"https:\/\/intersala10zaragoza.es\/index.php?rest_route=%2Fwp%2Fv2%2Fcomments&post=256"}],"version-history":[{"count":1,"href":"https:\/\/intersala10zaragoza.es\/index.php?rest_route=\/wp\/v2\/posts\/256\/revisions"}],"predecessor-version":[{"id":257,"href":"https:\/\/intersala10zaragoza.es\/index.php?rest_route=\/wp\/v2\/posts\/256\/revisions\/257"}],"wp:featuredmedia":[{"embeddable":true,"href":"https:\/\/intersala10zaragoza.es\/index.php?rest_route=\/wp\/v2\/media\/244"}],"wp:attachment":[{"href":"https:\/\/intersala10zaragoza.es\/index.php?rest_route=%2Fwp%2Fv2%2Fmedia&parent=256"}],"wp:term":[{"taxonomy":"category","embeddable":true,"href":"https:\/\/intersala10zaragoza.es\/index.php?rest_route=%2Fwp%2Fv2%2Fcategories&post=256"},{"taxonomy":"post_tag","embeddable":true,"href":"https:\/\/intersala10zaragoza.es\/index.php?rest_route=%2Fwp%2Fv2%2Ftags&post=256"}],"curies":[{"name":"wp","href":"https:\/\/api.w.org\/{rel}","templated":true}]}}