{"id":233,"date":"2024-07-27T11:39:42","date_gmt":"2024-07-27T09:39:42","guid":{"rendered":"https:\/\/intersala10zaragoza.es\/?p=233"},"modified":"2024-07-27T11:39:43","modified_gmt":"2024-07-27T09:39:43","slug":"marta-garcia-renueva-con-el-proyecto-de-wanapix-aldelis-intersala-10","status":"publish","type":"post","link":"https:\/\/intersala10zaragoza.es\/?p=233","title":{"rendered":"Marta Garc\u00eda renueva con el proyecto de Wanapix Aldel\u00eds InterSala 10"},"content":{"rendered":"\n<p>Wanapix Aldel\u00eds InterSala 10 contar\u00e1 la pr\u00f3xima temporada con Marta Garc\u00eda en sus filas. La jugadora, que fue la capitana la temporada pasada, se mantendr\u00e1 en el proyecto con el \u00fanico objetivo de lograr los objetivos. Marta la temporada pasada disput\u00f3 30 partidos oficiales, solo se perdi\u00f3 dos en toda la temporada, y anot\u00f3 20 goles, siendo la pichichi del equipo.<\/p>\n","protected":false},"excerpt":{"rendered":"<p>Wanapix Aldel\u00eds InterSala 10 contar\u00e1 la pr\u00f3xima temporada con Marta Garc\u00eda en sus filas. La jugadora, que fue la capitana la temporada pasada, se mantendr\u00e1 en el proyecto con el \u00fanico objetivo de lograr los objetivos. Marta la temporada pasada disput\u00f3 30 partidos oficiales, solo se perdi\u00f3 dos en toda la temporada, y anot\u00f3 20 [&hellip;]<\/p>\n","protected":false},"author":1,"featured_media":245,"comment_status":"open","ping_status":"open","sticky":false,"template":"","format":"standard","meta":{"saved_in_kubio":false,"footnotes":""},"categories":[9],"tags":[],"class_list":["post-233","post","type-post","status-publish","format-standard","has-post-thumbnail","hentry","category-segunda-division-nacional"],"_links":{"self":[{"href":"https:\/\/intersala10zaragoza.es\/index.php?rest_route=\/wp\/v2\/posts\/233","targetHints":{"allow":["GET"]}}],"collection":[{"href":"https:\/\/intersala10zaragoza.es\/index.php?rest_route=\/wp\/v2\/posts"}],"about":[{"href":"https:\/\/intersala10zaragoza.es\/index.php?rest_route=\/wp\/v2\/types\/post"}],"author":[{"embeddable":true,"href":"https:\/\/intersala10zaragoza.es\/index.php?rest_route=\/wp\/v2\/users\/1"}],"replies":[{"embeddable":true,"href":"https:\/\/intersala10zaragoza.es\/index.php?rest_route=%2Fwp%2Fv2%2Fcomments&post=233"}],"version-history":[{"count":1,"href":"https:\/\/intersala10zaragoza.es\/index.php?rest_route=\/wp\/v2\/posts\/233\/revisions"}],"predecessor-version":[{"id":234,"href":"https:\/\/intersala10zaragoza.es\/index.php?rest_route=\/wp\/v2\/posts\/233\/revisions\/234"}],"wp:featuredmedia":[{"embeddable":true,"href":"https:\/\/intersala10zaragoza.es\/index.php?rest_route=\/wp\/v2\/media\/245"}],"wp:attachment":[{"href":"https:\/\/intersala10zaragoza.es\/index.php?rest_route=%2Fwp%2Fv2%2Fmedia&parent=233"}],"wp:term":[{"taxonomy":"category","embeddable":true,"href":"https:\/\/intersala10zaragoza.es\/index.php?rest_route=%2Fwp%2Fv2%2Fcategories&post=233"},{"taxonomy":"post_tag","embeddable":true,"href":"https:\/\/intersala10zaragoza.es\/index.php?rest_route=%2Fwp%2Fv2%2Ftags&post=233"}],"curies":[{"name":"wp","href":"https:\/\/api.w.org\/{rel}","templated":true}]}}