{"id":2250,"date":"2025-09-19T10:10:39","date_gmt":"2025-09-19T08:10:39","guid":{"rendered":"https:\/\/www.intersala10zaragoza.es\/?p=2250"},"modified":"2025-09-19T10:10:41","modified_gmt":"2025-09-19T08:10:41","slug":"wanapix-aldelis-arranca-la-liga-en-casa","status":"publish","type":"post","link":"https:\/\/intersala10zaragoza.es\/?p=2250","title":{"rendered":"Wanapix Aldel\u00eds arranca la liga en casa"},"content":{"rendered":"\n<h2 class=\"wp-block-heading\"><strong>Wanapix Aldel\u00eds arranca la liga en casa <\/strong><\/h2>\n\n\n\n<p>El momento ha llegado. Este s\u00e1bado, Wanapix Aldel\u00eds debutar\u00e1 en la Segunda Divisi\u00f3n de f\u00fatbol sala femenino y lo har\u00e1 ante su afici\u00f3n, en el Pabell\u00f3n de La Granja. El conjunto ma\u00f1o afronta una temporada ilusionante con la meta de igualar \u2014y mejorar\u2014 el gran curso pasado, cuando alcanz\u00f3 los \u2018play-offs\u2019 de ascenso a Primera Divisi\u00f3n.<\/p>\n\n\n\n<p>El estreno liguero ser\u00e1 este s\u00e1bado a las 16:30 horas frente al Feme Castell\u00f3n. La entrada ser\u00e1 gratuita y, para animar el ambiente, habr\u00e1 sorteos en el descanso. Adem\u00e1s, durante la previa los aficionados podr\u00e1n abonarse al club y sumarse as\u00ed al proyecto.<\/p>\n\n\n\n<p>Wanapix Aldel\u00eds llega a este primer compromiso oficial tras una pretemporada s\u00f3lida e invicta, con dos victorias y tres empates en cinco encuentros. Los choques han estado marcados por duelos de Copa de Arag\u00f3n y Copa de la Reina frente a otros equipos aragoneses. \u201cVenimos de hacer una pretemporada intensa, pero nos ha servido para prepararnos y afianzar conceptos\u201d, destaca Carol.<\/p>\n\n\n\n<p>El rival de esta primera jornada, el Feme Castell\u00f3n, es un conjunto experimentado y asentado en la categor\u00eda, que llega tras caer 3-0 en la primera ronda de la Copa de la Reina. \u201cSer\u00e1 un rival duro, pero hemos trabajado muy bien esta semana y vamos a por los tres puntos\u201d, a\u00f1ade Carol.<\/p>\n\n\n\n<p>Con este partido, Wanapix Aldel\u00eds da el pistoletazo de salida a una campa\u00f1a en la que se ha fijado el mismo objetivo que el a\u00f1o pasado: mantenerse en la parte alta de la tabla y pelear por el ascenso a Primera Divisi\u00f3n. \u201cEl a\u00f1o pasado conseguimos disputar los \u2018play-offs\u2019 y este a\u00f1o vamos a luchar por repetirlo y ascender\u201d, concluye Carol.<\/p>\n","protected":false},"excerpt":{"rendered":"<p>Wanapix Aldel\u00eds arranca la liga en casa El momento ha llegado. Este s\u00e1bado, Wanapix Aldel\u00eds debutar\u00e1 en la Segunda Divisi\u00f3n de f\u00fatbol sala femenino y lo har\u00e1 ante su afici\u00f3n, en el Pabell\u00f3n de La Granja. El conjunto ma\u00f1o afronta una temporada ilusionante con la meta de igualar \u2014y mejorar\u2014 el gran curso pasado, cuando [&hellip;]<\/p>\n","protected":false},"author":1,"featured_media":2251,"comment_status":"open","ping_status":"open","sticky":false,"template":"","format":"standard","meta":{"saved_in_kubio":false,"footnotes":""},"categories":[9],"tags":[],"class_list":["post-2250","post","type-post","status-publish","format-standard","has-post-thumbnail","hentry","category-segunda-division-nacional"],"_links":{"self":[{"href":"https:\/\/intersala10zaragoza.es\/index.php?rest_route=\/wp\/v2\/posts\/2250","targetHints":{"allow":["GET"]}}],"collection":[{"href":"https:\/\/intersala10zaragoza.es\/index.php?rest_route=\/wp\/v2\/posts"}],"about":[{"href":"https:\/\/intersala10zaragoza.es\/index.php?rest_route=\/wp\/v2\/types\/post"}],"author":[{"embeddable":true,"href":"https:\/\/intersala10zaragoza.es\/index.php?rest_route=\/wp\/v2\/users\/1"}],"replies":[{"embeddable":true,"href":"https:\/\/intersala10zaragoza.es\/index.php?rest_route=%2Fwp%2Fv2%2Fcomments&post=2250"}],"version-history":[{"count":1,"href":"https:\/\/intersala10zaragoza.es\/index.php?rest_route=\/wp\/v2\/posts\/2250\/revisions"}],"predecessor-version":[{"id":2252,"href":"https:\/\/intersala10zaragoza.es\/index.php?rest_route=\/wp\/v2\/posts\/2250\/revisions\/2252"}],"wp:featuredmedia":[{"embeddable":true,"href":"https:\/\/intersala10zaragoza.es\/index.php?rest_route=\/wp\/v2\/media\/2251"}],"wp:attachment":[{"href":"https:\/\/intersala10zaragoza.es\/index.php?rest_route=%2Fwp%2Fv2%2Fmedia&parent=2250"}],"wp:term":[{"taxonomy":"category","embeddable":true,"href":"https:\/\/intersala10zaragoza.es\/index.php?rest_route=%2Fwp%2Fv2%2Fcategories&post=2250"},{"taxonomy":"post_tag","embeddable":true,"href":"https:\/\/intersala10zaragoza.es\/index.php?rest_route=%2Fwp%2Fv2%2Ftags&post=2250"}],"curies":[{"name":"wp","href":"https:\/\/api.w.org\/{rel}","templated":true}]}}