{"id":2136,"date":"2025-08-02T12:01:23","date_gmt":"2025-08-02T10:01:23","guid":{"rendered":"https:\/\/www.intersala10zaragoza.es\/?p=2136"},"modified":"2025-09-11T09:48:07","modified_gmt":"2025-09-11T07:48:07","slug":"arranca-la-campana-de-abonados-2025-2026-del-wanapix-aldelis-bajo-el-lema-juntas-mas-fuertes","status":"publish","type":"post","link":"https:\/\/intersala10zaragoza.es\/?p=2136","title":{"rendered":"Arranca la campa\u00f1a de abonados 2025-2026 del Wanapix Aldel\u00eds bajo el lema \u201cJuntas, m\u00e1s fuertes\u201d"},"content":{"rendered":"\n<h2 class=\"wp-block-heading\">Arranca la campa\u00f1a de abonados 2025-2026 del Wanapix Aldel\u00eds bajo el lema \u201cJuntas, m\u00e1s fuertes\u201d<\/h2>\n\n\n\n<p>Wanapix Aldel\u00eds pone en marcha la campa\u00f1a de abonados para la temporada 2025-2026 bajo el lema \u201cJuntas, m\u00e1s fuertes\u201d. Tras quedarse a un paso del ascenso a Primera Divisi\u00f3n el pasado curso, el club afronta esta nueva etapa con el objetivo de volver a pelear por el sue\u00f1o y con la convicci\u00f3n de que, cuando equipo y afici\u00f3n caminan juntas, no hay meta imposible. La campa\u00f1a invita a la afici\u00f3n a unirse y a vivir la temporada desde dentro, sintiendo los colores y empujando al equipo hacia la cima.<\/p>\n\n\n\n<p>Los abonos podr\u00e1n adquirirse en los partidos de pretemporada que el equipo dispute como local y en los primeros encuentros oficiales de la temporada. <a href=\"https:\/\/docs.google.com\/forms\/d\/e\/1FAIpQLSexqhsCWE1YgSFDlpgXLvfzu0xVUHcpeeeTaFI6l_vUnrLh4w\/viewform?usp=dialog\" data-type=\"link\" data-id=\"https:\/\/docs.google.com\/forms\/d\/e\/1FAIpQLSexqhsCWE1YgSFDlpgXLvfzu0xVUHcpeeeTaFI6l_vUnrLh4w\/viewform?usp=dialog\" target=\"_blank\" rel=\"noreferrer noopener\">Tambi\u00e9n se podr\u00e1n reservar previamente a trav\u00e9s de un formulario habilitado para tal fin, de manera que solo sea necesario recogerlos<\/a>. <\/p>\n\n\n\n<p>El <strong>precio del abono para la temporada 2025-2026 es de 20 \u20ac e incluye el acceso a todos los partidos que el equipo dispute como local de Liga, Copa de la Reina, si se da, y, en caso de disputarse, al playoff de ascenso.<\/strong> El club se reserva el derecho a declarar una jornada como \u201cD\u00eda del Club\u201d. Est\u00e1 disponible tambi\u00e9n<strong>\u00a0el abono junior, que se aplicar\u00e1 a los interesados de 8 a 15 a\u00f1os y tendr\u00e1 un precio de 5\u20ac mientras que los menores de 8 a\u00f1os tendr\u00e1n el abono gratuito. <\/strong><\/p>\n\n\n\n<p>El pago se realizar\u00e1 en el momento de la recogida si el abono se ha tramitado de forma online, o en el acto de reserva en caso de hacerse de manera presencial o por medio de transferencia a la siguiente cuenta <strong>(Ibercaja ES56 2085 0103 9303 33234583)<\/strong>. Con esta iniciativa, el Wanapix Aldel\u00eds reafirma su compromiso con su afici\u00f3n y con el objetivo de seguir creciendo juntos para alcanzar la \u00e9lite.<\/p>\n\n\n\n<p>Adem\u00e1s, existe la posibilidad de realizar un abono conjunto con AD Sala 10, club masculino, donde los abonados de cualquier categor\u00eda del club masculino tienen la posibilidad&nbsp;de adquirir el abono femenino, del Intersala 10, por un precio de&nbsp;10 euros extra, pero en este caso tendr\u00e1 que ser de forma obligatoria presencialmente.<\/p>\n","protected":false},"excerpt":{"rendered":"<p>Arranca la campa\u00f1a de abonados 2025-2026 del Wanapix Aldel\u00eds bajo el lema \u201cJuntas, m\u00e1s fuertes\u201d Wanapix Aldel\u00eds pone en marcha la campa\u00f1a de abonados para la temporada 2025-2026 bajo el lema \u201cJuntas, m\u00e1s fuertes\u201d. Tras quedarse a un paso del ascenso a Primera Divisi\u00f3n el pasado curso, el club afronta esta nueva etapa con el [&hellip;]<\/p>\n","protected":false},"author":1,"featured_media":2137,"comment_status":"open","ping_status":"open","sticky":false,"template":"","format":"standard","meta":{"saved_in_kubio":false,"footnotes":""},"categories":[9],"tags":[],"class_list":["post-2136","post","type-post","status-publish","format-standard","has-post-thumbnail","hentry","category-segunda-division-nacional"],"_links":{"self":[{"href":"https:\/\/intersala10zaragoza.es\/index.php?rest_route=\/wp\/v2\/posts\/2136","targetHints":{"allow":["GET"]}}],"collection":[{"href":"https:\/\/intersala10zaragoza.es\/index.php?rest_route=\/wp\/v2\/posts"}],"about":[{"href":"https:\/\/intersala10zaragoza.es\/index.php?rest_route=\/wp\/v2\/types\/post"}],"author":[{"embeddable":true,"href":"https:\/\/intersala10zaragoza.es\/index.php?rest_route=\/wp\/v2\/users\/1"}],"replies":[{"embeddable":true,"href":"https:\/\/intersala10zaragoza.es\/index.php?rest_route=%2Fwp%2Fv2%2Fcomments&post=2136"}],"version-history":[{"count":8,"href":"https:\/\/intersala10zaragoza.es\/index.php?rest_route=\/wp\/v2\/posts\/2136\/revisions"}],"predecessor-version":[{"id":2192,"href":"https:\/\/intersala10zaragoza.es\/index.php?rest_route=\/wp\/v2\/posts\/2136\/revisions\/2192"}],"wp:featuredmedia":[{"embeddable":true,"href":"https:\/\/intersala10zaragoza.es\/index.php?rest_route=\/wp\/v2\/media\/2137"}],"wp:attachment":[{"href":"https:\/\/intersala10zaragoza.es\/index.php?rest_route=%2Fwp%2Fv2%2Fmedia&parent=2136"}],"wp:term":[{"taxonomy":"category","embeddable":true,"href":"https:\/\/intersala10zaragoza.es\/index.php?rest_route=%2Fwp%2Fv2%2Fcategories&post=2136"},{"taxonomy":"post_tag","embeddable":true,"href":"https:\/\/intersala10zaragoza.es\/index.php?rest_route=%2Fwp%2Fv2%2Ftags&post=2136"}],"curies":[{"name":"wp","href":"https:\/\/api.w.org\/{rel}","templated":true}]}}